{"id":987490950,"date":"2024-02-20T11:50:26","date_gmt":"2024-02-20T08:50:26","guid":{"rendered":"https:\/\/www.otaniemenapteekki.fi\/uncategorized\/kahvi-saattaa-ehkaista-dementiaa-mutta-ei-kaikilla\/"},"modified":"2024-02-20T11:50:26","modified_gmt":"2024-02-20T08:50:26","slug":"kahvi-saattaa-ehkaista-dementiaa-mutta-ei-kaikilla","status":"publish","type":"post","link":"https:\/\/www.otaniemenapteekki.fi\/sv\/uncategorized\/kahvi-saattaa-ehkaista-dementiaa-mutta-ei-kaikilla\/","title":{"rendered":"Kahvi saattaa ehk\u00e4ist\u00e4 dementiaa, mutta ei kaikilla"},"content":{"rendered":"<p>S\u00e4\u00e4nn\u00f6llinen kahvin juonti on yhdistetty pienemp\u00e4\u00e4n dementiariskiin, mutta tuoreen tutkimuksen perusteella t\u00e4m\u00e4 saattaa koskea vain ihmisi\u00e4, joiden kofeiiniaineenvaihdunta on hidasta.<\/p>\n<p>Tulokset julkaistiin <a href=\"https:\/\/link.springer.com\/article\/10.1007\/s10654-023-01060-x\" target=\"_blank\" title=\"Siirryt\u00e4\u00e4n European Journal of Epidemiology lehden sivulle\" rel=\"noopener\">European Journal of Epidemiology -lehdess\u00e4<\/a>, ja niiden mukaan v\u00e4hint\u00e4\u00e4n nelj\u00e4 kahvikupillista p\u00e4ivitt\u00e4in juovat sairastuvat dementiaan noin puolet ep\u00e4todenn\u00e4k\u00f6isemmin kuin samanik\u00e4iset, jotka eiv\u00e4t juo kahvia. T\u00e4m\u00e4 havaitaan kuitenkin vain ihmisill\u00e4, joilla on tietty geenimuoto, jonka ansiosta heid\u00e4n kofeiiniaineenvaihduntansa on hidasta.<\/p>\n<p>Havainnot pit\u00e4\u00e4 varmistaa lis\u00e4tutkimuksissa, mutta hitaan kofeiiniaineenvaihdunnan vuoksi kofeiinia on elimist\u00f6ss\u00e4 pitemp\u00e4\u00e4n, mik\u00e4 saattaa suurentaa kahviin ja kofeiiniin mahdollisesti liittyvi\u00e4 terveysvaikutuksia.<\/p>\n<p>Tutkimukseen osallistui 6 000 keskim\u00e4\u00e4rin 74-vuotiasta, joilta oli saatavilla koko genomin kattavat tiedot. Osallistujat eiv\u00e4t sairastaneet dementiaa keskim\u00e4\u00e4rin yhdeks\u00e4nvuotisen seurannan alkaessa.<\/p>","protected":false},"excerpt":{"rendered":"<p>S\u00e4\u00e4nn\u00f6llinen kahvin juonti on yhdistetty pienemp\u00e4\u00e4n dementiariskiin, mutta tuoreen tutkimuksen perusteella t\u00e4m\u00e4 saattaa koskea vain ihmisi\u00e4, joiden kofeiiniaineenvaihdunta on hidasta. Tulokset julkaistiin European Journal of Epidemiology -lehdess\u00e4, ja niiden mukaan v\u00e4hint\u00e4\u00e4n nelj\u00e4 kahvikupillista p\u00e4ivitt\u00e4in juovat sairastuvat dementiaan noin puolet ep\u00e4todenn\u00e4k\u00f6isemmin kuin samanik\u00e4iset, jotka eiv\u00e4t juo kahvia. T\u00e4m\u00e4 havaitaan kuitenkin vain ihmisill\u00e4, joilla on tietty geenimuoto, [&hellip;]<\/p>\n","protected":false},"author":0,"featured_media":0,"comment_status":"open","ping_status":"open","sticky":false,"template":"","format":"standard","meta":{"_et_pb_use_builder":"","_et_pb_old_content":"","_et_gb_content_width":"","footnotes":""},"categories":[1],"tags":[],"yoast_head":"<!-- This site is optimized with the Yoast SEO plugin v23.5 - https:\/\/yoast.com\/wordpress\/plugins\/seo\/ -->\n<title>Kahvi saattaa ehk\u00e4ist\u00e4 dementiaa, mutta ei kaikilla - Otaniemen apteekki<\/title>\n<meta name=\"robots\" content=\"index, follow, max-snippet:-1, max-image-preview:large, max-video-preview:-1\" \/>\n<link rel=\"canonical\" href=\"https:\/\/www.otaniemenapteekki.fi\/sv\/uncategorized\/kahvi-saattaa-ehkaista-dementiaa-mutta-ei-kaikilla\/\" \/>\n<meta property=\"og:locale\" content=\"sv_SE\" \/>\n<meta property=\"og:type\" content=\"article\" \/>\n<meta property=\"og:title\" content=\"Kahvi saattaa ehk\u00e4ist\u00e4 dementiaa, mutta ei kaikilla - Otaniemen apteekki\" \/>\n<meta property=\"og:description\" content=\"S\u00e4\u00e4nn\u00f6llinen kahvin juonti on yhdistetty pienemp\u00e4\u00e4n dementiariskiin, mutta tuoreen tutkimuksen perusteella t\u00e4m\u00e4 saattaa koskea vain ihmisi\u00e4, joiden kofeiiniaineenvaihdunta on hidasta. Tulokset julkaistiin European Journal of Epidemiology -lehdess\u00e4, ja niiden mukaan v\u00e4hint\u00e4\u00e4n nelj\u00e4 kahvikupillista p\u00e4ivitt\u00e4in juovat sairastuvat dementiaan noin puolet ep\u00e4todenn\u00e4k\u00f6isemmin kuin samanik\u00e4iset, jotka eiv\u00e4t juo kahvia. T\u00e4m\u00e4 havaitaan kuitenkin vain ihmisill\u00e4, joilla on tietty geenimuoto, [&hellip;]\" \/>\n<meta property=\"og:url\" content=\"https:\/\/www.otaniemenapteekki.fi\/sv\/uncategorized\/kahvi-saattaa-ehkaista-dementiaa-mutta-ei-kaikilla\/\" \/>\n<meta property=\"og:site_name\" content=\"Otaniemen apteekki\" \/>\n<meta property=\"article:published_time\" content=\"2024-02-20T08:50:26+00:00\" \/>\n<meta name=\"twitter:card\" content=\"summary_large_image\" \/>\n<meta name=\"twitter:label1\" content=\"Ber\u00e4knad l\u00e4stid\" \/>\n\t<meta name=\"twitter:data1\" content=\"1 minut\" \/>\n<script type=\"application\/ld+json\" class=\"yoast-schema-graph\">{\"@context\":\"https:\/\/schema.org\",\"@graph\":[{\"@type\":\"WebPage\",\"@id\":\"https:\/\/www.otaniemenapteekki.fi\/uncategorized\/kahvi-saattaa-ehkaista-dementiaa-mutta-ei-kaikilla\/\",\"url\":\"https:\/\/www.otaniemenapteekki.fi\/uncategorized\/kahvi-saattaa-ehkaista-dementiaa-mutta-ei-kaikilla\/\",\"name\":\"Kahvi saattaa ehk\u00e4ist\u00e4 dementiaa, mutta ei kaikilla - Otaniemen apteekki\",\"isPartOf\":{\"@id\":\"https:\/\/www.otaniemenapteekki.fi\/#website\"},\"datePublished\":\"2024-02-20T08:50:26+00:00\",\"dateModified\":\"2024-02-20T08:50:26+00:00\",\"author\":{\"@id\":\"\"},\"breadcrumb\":{\"@id\":\"https:\/\/www.otaniemenapteekki.fi\/uncategorized\/kahvi-saattaa-ehkaista-dementiaa-mutta-ei-kaikilla\/#breadcrumb\"},\"inLanguage\":\"sv-SE\",\"potentialAction\":[{\"@type\":\"ReadAction\",\"target\":[\"https:\/\/www.otaniemenapteekki.fi\/uncategorized\/kahvi-saattaa-ehkaista-dementiaa-mutta-ei-kaikilla\/\"]}]},{\"@type\":\"BreadcrumbList\",\"@id\":\"https:\/\/www.otaniemenapteekki.fi\/uncategorized\/kahvi-saattaa-ehkaista-dementiaa-mutta-ei-kaikilla\/#breadcrumb\",\"itemListElement\":[{\"@type\":\"ListItem\",\"position\":1,\"name\":\"Etusivu\",\"item\":\"https:\/\/www.otaniemenapteekki.fi\/\"},{\"@type\":\"ListItem\",\"position\":2,\"name\":\"Kahvi saattaa ehk\u00e4ist\u00e4 dementiaa, mutta ei kaikilla\"}]},{\"@type\":\"WebSite\",\"@id\":\"https:\/\/www.otaniemenapteekki.fi\/#website\",\"url\":\"https:\/\/www.otaniemenapteekki.fi\/\",\"name\":\"Otaniemen apteekki\",\"description\":\"\",\"potentialAction\":[{\"@type\":\"SearchAction\",\"target\":{\"@type\":\"EntryPoint\",\"urlTemplate\":\"https:\/\/www.otaniemenapteekki.fi\/?s={search_term_string}\"},\"query-input\":{\"@type\":\"PropertyValueSpecification\",\"valueRequired\":true,\"valueName\":\"search_term_string\"}}],\"inLanguage\":\"sv-SE\"}]}<\/script>\n<!-- \/ Yoast SEO plugin. -->","yoast_head_json":{"title":"Kahvi saattaa ehk\u00e4ist\u00e4 dementiaa, mutta ei kaikilla - Otaniemen apteekki","robots":{"index":"index","follow":"follow","max-snippet":"max-snippet:-1","max-image-preview":"max-image-preview:large","max-video-preview":"max-video-preview:-1"},"canonical":"https:\/\/www.otaniemenapteekki.fi\/sv\/uncategorized\/kahvi-saattaa-ehkaista-dementiaa-mutta-ei-kaikilla\/","og_locale":"sv_SE","og_type":"article","og_title":"Kahvi saattaa ehk\u00e4ist\u00e4 dementiaa, mutta ei kaikilla - Otaniemen apteekki","og_description":"S\u00e4\u00e4nn\u00f6llinen kahvin juonti on yhdistetty pienemp\u00e4\u00e4n dementiariskiin, mutta tuoreen tutkimuksen perusteella t\u00e4m\u00e4 saattaa koskea vain ihmisi\u00e4, joiden kofeiiniaineenvaihdunta on hidasta. Tulokset julkaistiin European Journal of Epidemiology -lehdess\u00e4, ja niiden mukaan v\u00e4hint\u00e4\u00e4n nelj\u00e4 kahvikupillista p\u00e4ivitt\u00e4in juovat sairastuvat dementiaan noin puolet ep\u00e4todenn\u00e4k\u00f6isemmin kuin samanik\u00e4iset, jotka eiv\u00e4t juo kahvia. T\u00e4m\u00e4 havaitaan kuitenkin vain ihmisill\u00e4, joilla on tietty geenimuoto, [&hellip;]","og_url":"https:\/\/www.otaniemenapteekki.fi\/sv\/uncategorized\/kahvi-saattaa-ehkaista-dementiaa-mutta-ei-kaikilla\/","og_site_name":"Otaniemen apteekki","article_published_time":"2024-02-20T08:50:26+00:00","twitter_card":"summary_large_image","twitter_misc":{"Ber\u00e4knad l\u00e4stid":"1 minut"},"schema":{"@context":"https:\/\/schema.org","@graph":[{"@type":"WebPage","@id":"https:\/\/www.otaniemenapteekki.fi\/uncategorized\/kahvi-saattaa-ehkaista-dementiaa-mutta-ei-kaikilla\/","url":"https:\/\/www.otaniemenapteekki.fi\/uncategorized\/kahvi-saattaa-ehkaista-dementiaa-mutta-ei-kaikilla\/","name":"Kahvi saattaa ehk\u00e4ist\u00e4 dementiaa, mutta ei kaikilla - Otaniemen apteekki","isPartOf":{"@id":"https:\/\/www.otaniemenapteekki.fi\/#website"},"datePublished":"2024-02-20T08:50:26+00:00","dateModified":"2024-02-20T08:50:26+00:00","author":{"@id":""},"breadcrumb":{"@id":"https:\/\/www.otaniemenapteekki.fi\/uncategorized\/kahvi-saattaa-ehkaista-dementiaa-mutta-ei-kaikilla\/#breadcrumb"},"inLanguage":"sv-SE","potentialAction":[{"@type":"ReadAction","target":["https:\/\/www.otaniemenapteekki.fi\/uncategorized\/kahvi-saattaa-ehkaista-dementiaa-mutta-ei-kaikilla\/"]}]},{"@type":"BreadcrumbList","@id":"https:\/\/www.otaniemenapteekki.fi\/uncategorized\/kahvi-saattaa-ehkaista-dementiaa-mutta-ei-kaikilla\/#breadcrumb","itemListElement":[{"@type":"ListItem","position":1,"name":"Etusivu","item":"https:\/\/www.otaniemenapteekki.fi\/"},{"@type":"ListItem","position":2,"name":"Kahvi saattaa ehk\u00e4ist\u00e4 dementiaa, mutta ei kaikilla"}]},{"@type":"WebSite","@id":"https:\/\/www.otaniemenapteekki.fi\/#website","url":"https:\/\/www.otaniemenapteekki.fi\/","name":"Otaniemen apteekki","description":"","potentialAction":[{"@type":"SearchAction","target":{"@type":"EntryPoint","urlTemplate":"https:\/\/www.otaniemenapteekki.fi\/?s={search_term_string}"},"query-input":{"@type":"PropertyValueSpecification","valueRequired":true,"valueName":"search_term_string"}}],"inLanguage":"sv-SE"}]}},"_links":{"self":[{"href":"https:\/\/www.otaniemenapteekki.fi\/sv\/wp-json\/wp\/v2\/posts\/987490950"}],"collection":[{"href":"https:\/\/www.otaniemenapteekki.fi\/sv\/wp-json\/wp\/v2\/posts"}],"about":[{"href":"https:\/\/www.otaniemenapteekki.fi\/sv\/wp-json\/wp\/v2\/types\/post"}],"replies":[{"embeddable":true,"href":"https:\/\/www.otaniemenapteekki.fi\/sv\/wp-json\/wp\/v2\/comments?post=987490950"}],"version-history":[{"count":0,"href":"https:\/\/www.otaniemenapteekki.fi\/sv\/wp-json\/wp\/v2\/posts\/987490950\/revisions"}],"wp:attachment":[{"href":"https:\/\/www.otaniemenapteekki.fi\/sv\/wp-json\/wp\/v2\/media?parent=987490950"}],"wp:term":[{"taxonomy":"category","embeddable":true,"href":"https:\/\/www.otaniemenapteekki.fi\/sv\/wp-json\/wp\/v2\/categories?post=987490950"},{"taxonomy":"post_tag","embeddable":true,"href":"https:\/\/www.otaniemenapteekki.fi\/sv\/wp-json\/wp\/v2\/tags?post=987490950"}],"curies":[{"name":"wp","href":"https:\/\/api.w.org\/{rel}","templated":true}]}}